{"id":443,"date":"2015-12-06T14:03:23","date_gmt":"2015-12-06T13:03:23","guid":{"rendered":"http:\/\/nikolausstiftung.siegburg.info\/?p=443"},"modified":"2018-12-03T11:53:56","modified_gmt":"2018-12-03T10:53:56","slug":"sonntagsoeffnung-des-kulturcafes","status":"publish","type":"post","link":"https:\/\/nikolausstiftung-siegburg.de\/index.php\/sonntagsoeffnung-des-kulturcafes\/","title":{"rendered":"Sonntags\u00f6ffnung des Kulturcaf\u00e9s"},"content":{"rendered":"<p>&nbsp;<\/p>\n<p>Die Nikolausstiftung Siegburg und die Betriebsgemeinschaft der Rhenag K\u00f6ln und Siegburg \u00fcberreichten der Jugendeinrichtung Kulturcaf\u00e9 jeweils 6.000 Euro. Mit diesem Geld ist die zus\u00e4tzliche <strong>Sonntags-\u00d6ffnungszeit<\/strong> (jeweils 15:00 bis 21:00 Uhr) von Oktober 2015 bis Ende M\u00e4rz 2016 gesichert.<\/p>\n<p>Das Kulturcaf\u00e9 Siegburg, von seinen Nutzern liebevoll \u201eDas Kulti\u201c genannt, ist f\u00fcr viele Jugendliche \u00a0und junge Erwachsene inzwischen zum zweiten Zuhause geworden. Der \u00d6ffnungstag am oft \u201elangweiligen Sonntag\u201c war ein schon lang gehegter Wunsch. Der Bedarf wurde in Gespr\u00e4chen auch mit B\u00fcrgermeister Franz Huhn sowie bei Befragungen immer wieder ge\u00e4u\u00dfert.<\/p>\n<p>Im Kulturcaf\u00e9 treffen sich junge Menschen zwischen zw\u00f6lf und 21 Jahren. Dort k\u00f6nnen sie tanzen, kochen, backen, chillen, quatschen und daddeln; sehr gesch\u00e4tzt wird auch der nette, respektvolle Umgangston der Besucherinnen und Besucher. Montags bis donnerstags ist das Kulturcaf\u00e9 von 13:30 Uhr bis 21:00 Uhr ge\u00f6ffnet, freitags sogar bis 22:00 Uhr und jetzt auch noch sonntags von 15:00 bis 21:00 Uhr.\u00a0Die ersten Sonntags\u00f6ffnungen seit Oktober wurden sehr gut von den Jugendlichen angenommen.<\/p>\n","protected":false},"excerpt":{"rendered":"<p>&nbsp; Die Nikolausstiftung Siegburg und die Betriebsgemeinschaft der Rhenag K\u00f6ln und Siegburg \u00fcberreichten der Jugendeinrichtung Kulturcaf\u00e9 jeweils 6.000 Euro. Mit diesem Geld ist die zus\u00e4tzliche Sonntags-\u00d6ffnungszeit (jeweils 15:00 bis 21:00 Uhr) von Oktober 2015 bis Ende M\u00e4rz 2016 gesichert. Das Kulturcaf\u00e9 Siegburg, von seinen Nutzern liebevoll \u201eDas Kulti\u201c genannt, ist f\u00fcr viele Jugendliche \u00a0und junge Erwachsene inzwischen zum zweiten Zuhause geworden. Der \u00d6ffnungstag am oft \u201elangweiligen Sonntag\u201c war ein schon<\/p>\n<p><a class=\"more-link\" href=\"https:\/\/nikolausstiftung-siegburg.de\/index.php\/sonntagsoeffnung-des-kulturcafes\/\">Weiterlesen<\/a><\/p>\n","protected":false},"author":2,"featured_media":0,"comment_status":"closed","ping_status":"open","sticky":false,"template":"","format":"standard","meta":{"footnotes":""},"categories":[1],"tags":[],"class_list":["post-443","post","type-post","status-publish","format-standard","hentry","category-aktuelles"],"_links":{"self":[{"href":"https:\/\/nikolausstiftung-siegburg.de\/index.php\/wp-json\/wp\/v2\/posts\/443","targetHints":{"allow":["GET"]}}],"collection":[{"href":"https:\/\/nikolausstiftung-siegburg.de\/index.php\/wp-json\/wp\/v2\/posts"}],"about":[{"href":"https:\/\/nikolausstiftung-siegburg.de\/index.php\/wp-json\/wp\/v2\/types\/post"}],"author":[{"embeddable":true,"href":"https:\/\/nikolausstiftung-siegburg.de\/index.php\/wp-json\/wp\/v2\/users\/2"}],"replies":[{"embeddable":true,"href":"https:\/\/nikolausstiftung-siegburg.de\/index.php\/wp-json\/wp\/v2\/comments?post=443"}],"version-history":[{"count":5,"href":"https:\/\/nikolausstiftung-siegburg.de\/index.php\/wp-json\/wp\/v2\/posts\/443\/revisions"}],"predecessor-version":[{"id":493,"href":"https:\/\/nikolausstiftung-siegburg.de\/index.php\/wp-json\/wp\/v2\/posts\/443\/revisions\/493"}],"wp:attachment":[{"href":"https:\/\/nikolausstiftung-siegburg.de\/index.php\/wp-json\/wp\/v2\/media?parent=443"}],"wp:term":[{"taxonomy":"category","embeddable":true,"href":"https:\/\/nikolausstiftung-siegburg.de\/index.php\/wp-json\/wp\/v2\/categories?post=443"},{"taxonomy":"post_tag","embeddable":true,"href":"https:\/\/nikolausstiftung-siegburg.de\/index.php\/wp-json\/wp\/v2\/tags?post=443"}],"curies":[{"name":"wp","href":"https:\/\/api.w.org\/{rel}","templated":true}]}}